{"id":836,"date":"2025-01-30T16:46:56","date_gmt":"2025-01-30T19:46:56","guid":{"rendered":"https:\/\/observatorioopara.com.br\/?p=836"},"modified":"2025-05-05T22:42:37","modified_gmt":"2025-05-06T01:42:37","slug":"trailer-documentario-povo-negro-fica","status":"publish","type":"post","link":"https:\/\/observatorioopara.com.br\/?p=836","title":{"rendered":"Trailer Document\u00e1rio &#8220;Povo Negro Fica! A luta por cotas \u00e9tnico-raciais&#8221;"},"content":{"rendered":"\n<p><a href=\"https:\/\/www.youtube.com\/@andes.sindicato\"><\/a><a href=\"https:\/\/www.youtube.com\/@andes.sindicato\"><\/a><\/p>\n\n\n\n<p class=\"has-medium-font-size\">O Observat\u00f3rio Opar\u00e1 participou do document\u00e1rio <em><strong>&#8220;Povo Negro Fica! A luta por cotas \u00e9tnico-raciais&#8221;<\/strong><\/em>, produzido pelo Sindicato Nacional dos Docentes das Institui\u00e7\u00f5es de Ensino Superior (ANDES-SN).<\/p>\n\n\n\n<p class=\"has-medium-font-size\">O v\u00eddeo faz parte da campanha <em><strong>&#8220;Sou Docente Antirracista&#8221;<\/strong><\/em> e ter\u00e1 seu lan\u00e7amento completo ap\u00f3s o <strong>43\u00ba Congresso do ANDES-SN<\/strong>. Assista ao trailer abaixo!<\/p>\n\n\n\n<p class=\"has-medium-font-size\"><\/p>\n\n\n\n<figure class=\"wp-block-embed is-type-video is-provider-youtube wp-block-embed-youtube wp-embed-aspect-16-9 wp-has-aspect-ratio\"><div class=\"wp-block-embed__wrapper\">\n<iframe title=\"Trailer Document\u00e1rio Povo Negro Fica!\" width=\"800\" height=\"450\" src=\"https:\/\/www.youtube.com\/embed\/xNI4SQt5Hyg?feature=oembed\" frameborder=\"0\" allow=\"accelerometer; autoplay; clipboard-write; encrypted-media; gyroscope; picture-in-picture; web-share\" referrerpolicy=\"strict-origin-when-cross-origin\" allowfullscreen><\/iframe>\n<\/div><\/figure>\n","protected":false},"excerpt":{"rendered":"<p>O Observat\u00f3rio Opar\u00e1 participou do document\u00e1rio &#8220;Povo Negro Fica! A luta por cotas \u00e9tnico-raciais&#8221;, produzido pelo Sindicato Nacional dos Docentes das Institui\u00e7\u00f5es de Ensino Superior (ANDES-SN). O v\u00eddeo faz parte da campanha &#8220;Sou Docente Antirracista&#8221; e ter\u00e1 seu lan\u00e7amento completo ap\u00f3s o 43\u00ba Congresso do ANDES-SN. Assista ao trailer abaixo!<\/p>\n","protected":false},"author":1,"featured_media":837,"comment_status":"closed","ping_status":"closed","sticky":false,"template":"","format":"standard","meta":{"footnotes":""},"categories":[8],"tags":[],"class_list":["post-836","post","type-post","status-publish","format-standard","has-post-thumbnail","hentry","category-noticias"],"_links":{"self":[{"href":"https:\/\/observatorioopara.com.br\/index.php?rest_route=\/wp\/v2\/posts\/836","targetHints":{"allow":["GET"]}}],"collection":[{"href":"https:\/\/observatorioopara.com.br\/index.php?rest_route=\/wp\/v2\/posts"}],"about":[{"href":"https:\/\/observatorioopara.com.br\/index.php?rest_route=\/wp\/v2\/types\/post"}],"author":[{"embeddable":true,"href":"https:\/\/observatorioopara.com.br\/index.php?rest_route=\/wp\/v2\/users\/1"}],"replies":[{"embeddable":true,"href":"https:\/\/observatorioopara.com.br\/index.php?rest_route=%2Fwp%2Fv2%2Fcomments&post=836"}],"version-history":[{"count":3,"href":"https:\/\/observatorioopara.com.br\/index.php?rest_route=\/wp\/v2\/posts\/836\/revisions"}],"predecessor-version":[{"id":851,"href":"https:\/\/observatorioopara.com.br\/index.php?rest_route=\/wp\/v2\/posts\/836\/revisions\/851"}],"wp:featuredmedia":[{"embeddable":true,"href":"https:\/\/observatorioopara.com.br\/index.php?rest_route=\/wp\/v2\/media\/837"}],"wp:attachment":[{"href":"https:\/\/observatorioopara.com.br\/index.php?rest_route=%2Fwp%2Fv2%2Fmedia&parent=836"}],"wp:term":[{"taxonomy":"category","embeddable":true,"href":"https:\/\/observatorioopara.com.br\/index.php?rest_route=%2Fwp%2Fv2%2Fcategories&post=836"},{"taxonomy":"post_tag","embeddable":true,"href":"https:\/\/observatorioopara.com.br\/index.php?rest_route=%2Fwp%2Fv2%2Ftags&post=836"}],"curies":[{"name":"wp","href":"https:\/\/api.w.org\/{rel}","templated":true}]}}