{"id":801,"date":"2025-01-30T15:38:06","date_gmt":"2025-01-30T18:38:06","guid":{"rendered":"https:\/\/observatorioopara.com.br\/?p=801"},"modified":"2025-02-03T19:50:44","modified_gmt":"2025-02-03T22:50:44","slug":"opara-em-acao-acao-declaratoria-de-inconstitucionalidade","status":"publish","type":"post","link":"https:\/\/observatorioopara.com.br\/?p=801","title":{"rendered":"Opar\u00e1 em A\u00e7\u00e3o &#8211; A\u00e7\u00e3o Declarat\u00f3ria de Inconstitucionalidade (ADI) 7654"},"content":{"rendered":"\n<div class=\"wp-block-media-text has-media-on-the-right is-stacked-on-mobile\"><div class=\"wp-block-media-text__content\">\n<pre class=\"wp-block-preformatted has-medium-font-size\">A partir das discuss\u00f5es do relat\u00f3rio \u201c<a href=\"https:\/\/observatorioopara.com.br\/2025\/01\/27\/relatorio-baseado-em-evidencias-a-implementacao-da-lei-no-12-990-2014-um-cenario-devastador-de-fraudes\/\" data-type=\"link\" data-id=\"https:\/\/observatorioopara.com.br\/2025\/01\/27\/relatorio-baseado-em-evidencias-a-implementacao-da-lei-no-12-990-2014-um-cenario-devastador-de-fraudes\/\">A implementa\u00e7\u00e3o da Lei n\u00ba 12.990\/2014: um cen\u00e1rio devastador de fraudes<\/a>\u201d, o <strong>Opar\u00e1 <\/strong>criou ambientes de discuss\u00e3o e reflex\u00f5es para avaliar a lei de cotas raciais no servi\u00e7o p\u00fablico federal.<br><br>De reuni\u00f5es e em parceria com a Educafro, surgiu a necessidade de se pensar numa estrat\u00e9gia para se garantir a continuidade da lei de cotas raciais diante das dificuldades que o PL 1.958 enfrentava no Senado Federal. Portanto, o <strong>Opar\u00e1 <\/strong>e a Educafro Brasil est\u00e3o na origem da elabora\u00e7\u00e3o da ADI 7654, apresentada ao Supremo Tribunal Federal (STF) em maio de 2024.<br><br>Como prev\u00edamos em mar\u00e7o de 2024 durante a semana de lan\u00e7amento do relat\u00f3rio e em discuss\u00f5es entre a equipe de coordenadores do <strong>Opar\u00e1 <\/strong>e o Dr. Marlon (Educafro), n\u00e3o havia tempo suficiente para garantir a aprova\u00e7\u00e3o do Congresso Nacional da lei que viria substituir a Lei n\u00ba 12.990\/2014.<\/pre>\n<\/div><figure class=\"wp-block-media-text__media\"><img fetchpriority=\"high\" decoding=\"async\" width=\"516\" height=\"655\" src=\"https:\/\/observatorioopara.com.br\/wp-content\/uploads\/2025\/01\/image-11.png\" alt=\"\" class=\"wp-image-853 size-full\" srcset=\"https:\/\/observatorioopara.com.br\/wp-content\/uploads\/2025\/01\/image-11.png 516w, https:\/\/observatorioopara.com.br\/wp-content\/uploads\/2025\/01\/image-11-236x300.png 236w\" sizes=\"(max-width: 516px) 100vw, 516px\" \/><\/figure><\/div>\n\n\n\n<pre class=\"wp-block-preformatted has-medium-font-size\" style=\"margin-top:0;margin-right:0;margin-bottom:0;margin-left:0\">O fracasso das institui\u00e7\u00f5es na implementa\u00e7\u00e3o da Lei n\u00ba 12.990\/2014 trazidos \u00e0 superf\u00edcie pelas evid\u00eancias do relat\u00f3rio do <strong>Opar\u00e1 <\/strong>foram utilizadas como justificativa na <a href=\"https:\/\/portal.stf.jus.br\/processos\/detalhe.asp?incidente=6930540\" data-type=\"link\" data-id=\"https:\/\/portal.stf.jus.br\/processos\/detalhe.asp?incidente=6930540\">A\u00e7\u00e3o Declarat\u00f3ria de Inconstitucionalidade 7654<\/a>, elaborada pela Dr.\u00aa Bruna Amaral, Dr. Marlon e Dr. Raphael Cittadino e apresentada pelos partidos Socialismo e Liberdade (PSOL) e Rede e Sustentabilidade (Rede).<br><br>A proposi\u00e7\u00e3o feita pelos partidos Psol e Rede Sustentabilidade ao STF, se antecipou e garantiu, mesmo sem aprova\u00e7\u00e3o da nova lei de cotas raciais no servi\u00e7o p\u00fablico, a continuidade da Lei n\u00ba 12.990\/2014, ap\u00f3s uma d\u00e9cada desde sua formula\u00e7\u00e3o. <br><br>Quer conhecer mais sobre a hist\u00f3ria da ADI 7654, assista esta <a href=\"https:\/\/www.youtube.com\/watch?v=uZNJ9BPH6Bo&amp;t=1113s\">live <\/a>em que a Dra. Bruna e o Dr. Marlon, peticionantes da ADI, ao lado do Dr. Raphael Cittadino, discutem com o Prof. Dr. Renato, a natureza do rem\u00e9dio constitucional e seu impacto na continuidade da pol\u00edtica de a\u00e7\u00e3o afirmativa.<br><br>O <strong>Opar\u00e1 <\/strong>se orgulha de fazer parte desta hist\u00f3ria!<br><\/pre>\n\n\n\n<p>Acesse a ADI 7654 na \u00edntegra em: https:\/\/portal.stf.jus.br\/processos\/detalhe.asp?incidente=6930540<\/p>\n\n\n\n<p><br>Acesse a live no Canal do YouTube da Brasil Progressista: https:\/\/www.youtube.com\/watch?v=uZNJ9BPH6Bo&amp;t=1113s<\/p>\n\n\n\n<p><\/p>\n","protected":false},"excerpt":{"rendered":"<p>A partir das discuss\u00f5es do relat\u00f3rio \u201cA implementa\u00e7\u00e3o da Lei n\u00ba 12.990\/2014: um cen\u00e1rio devastador de fraudes\u201d, o Opar\u00e1 criou ambientes de discuss\u00e3o e reflex\u00f5es para avaliar a lei de cotas raciais no servi\u00e7o p\u00fablico federal.De reuni\u00f5es e em parceria com a Educafro, surgiu a necessidade de se pensar numa estrat\u00e9gia para se garantir a continuidade da lei de cotas raciais diante das dificuldades que o PL 1.958 enfrentava no Senado Federal. Portanto, o Opar\u00e1 e a Educafro Brasil est\u00e3o na origem da elabora\u00e7\u00e3o da ADI 7654, apresentada ao Supremo Tribunal Federal (STF) em maio de 2024.Como prev\u00edamos em mar\u00e7o de 2024 durante a semana de lan\u00e7amento do relat\u00f3rio e em discuss\u00f5es entre a equipe de coordenadores do Opar\u00e1 e o Dr. Marlon (Educafro), n\u00e3o havia tempo suficiente para garantir a aprova\u00e7\u00e3o do Congresso Nacional da lei que viria substituir a Lei n\u00ba 12.990\/2014. O fracasso das institui\u00e7\u00f5es na implementa\u00e7\u00e3o da Lei n\u00ba 12.990\/2014 trazidos \u00e0 superf\u00edcie pelas evid\u00eancias do relat\u00f3rio do Opar\u00e1 foram utilizadas como justificativa na A\u00e7\u00e3o Declarat\u00f3ria de Inconstitucionalidade 7654, elaborada pela Dr.\u00aa Bruna Amaral, Dr. Marlon e Dr. Raphael Cittadino e apresentada pelos partidos Socialismo e Liberdade (PSOL) e Rede e Sustentabilidade (Rede).A proposi\u00e7\u00e3o feita pelos partidos Psol e Rede Sustentabilidade ao STF, se antecipou e garantiu, mesmo sem aprova\u00e7\u00e3o da nova lei de cotas raciais no servi\u00e7o p\u00fablico, a continuidade da Lei n\u00ba 12.990\/2014, ap\u00f3s uma d\u00e9cada desde sua formula\u00e7\u00e3o. Quer conhecer mais sobre a hist\u00f3ria da ADI 7654, assista esta live em que a Dra. Bruna e o Dr. Marlon, peticionantes da ADI, ao lado do Dr. Raphael Cittadino, discutem com o Prof. Dr. Renato, a natureza do rem\u00e9dio constitucional e seu impacto na continuidade da pol\u00edtica de a\u00e7\u00e3o afirmativa.O Opar\u00e1 se orgulha de fazer parte desta hist\u00f3ria! Acesse a ADI 7654 na \u00edntegra em: https:\/\/portal.stf.jus.br\/processos\/detalhe.asp?incidente=6930540 Acesse a live no Canal do YouTube da Brasil Progressista: https:\/\/www.youtube.com\/watch?v=uZNJ9BPH6Bo&amp;t=1113s<\/p>\n","protected":false},"author":1,"featured_media":856,"comment_status":"closed","ping_status":"open","sticky":false,"template":"","format":"standard","meta":{"footnotes":""},"categories":[8,1],"tags":[],"class_list":["post-801","post","type-post","status-publish","format-standard","has-post-thumbnail","hentry","category-noticias","category-opara_em_acao"],"_links":{"self":[{"href":"https:\/\/observatorioopara.com.br\/index.php?rest_route=\/wp\/v2\/posts\/801","targetHints":{"allow":["GET"]}}],"collection":[{"href":"https:\/\/observatorioopara.com.br\/index.php?rest_route=\/wp\/v2\/posts"}],"about":[{"href":"https:\/\/observatorioopara.com.br\/index.php?rest_route=\/wp\/v2\/types\/post"}],"author":[{"embeddable":true,"href":"https:\/\/observatorioopara.com.br\/index.php?rest_route=\/wp\/v2\/users\/1"}],"replies":[{"embeddable":true,"href":"https:\/\/observatorioopara.com.br\/index.php?rest_route=%2Fwp%2Fv2%2Fcomments&post=801"}],"version-history":[{"count":4,"href":"https:\/\/observatorioopara.com.br\/index.php?rest_route=\/wp\/v2\/posts\/801\/revisions"}],"predecessor-version":[{"id":857,"href":"https:\/\/observatorioopara.com.br\/index.php?rest_route=\/wp\/v2\/posts\/801\/revisions\/857"}],"wp:featuredmedia":[{"embeddable":true,"href":"https:\/\/observatorioopara.com.br\/index.php?rest_route=\/wp\/v2\/media\/856"}],"wp:attachment":[{"href":"https:\/\/observatorioopara.com.br\/index.php?rest_route=%2Fwp%2Fv2%2Fmedia&parent=801"}],"wp:term":[{"taxonomy":"category","embeddable":true,"href":"https:\/\/observatorioopara.com.br\/index.php?rest_route=%2Fwp%2Fv2%2Fcategories&post=801"},{"taxonomy":"post_tag","embeddable":true,"href":"https:\/\/observatorioopara.com.br\/index.php?rest_route=%2Fwp%2Fv2%2Ftags&post=801"}],"curies":[{"name":"wp","href":"https:\/\/api.w.org\/{rel}","templated":true}]}}