{"id":796,"date":"2025-01-30T15:32:53","date_gmt":"2025-01-30T18:32:53","guid":{"rendered":"https:\/\/observatorioopara.com.br\/?p=796"},"modified":"2025-01-30T15:58:24","modified_gmt":"2025-01-30T18:58:24","slug":"opara-em-acao-lei-no-12-990-2014-na-ufcat","status":"publish","type":"post","link":"https:\/\/observatorioopara.com.br\/?p=796","title":{"rendered":"Opar\u00e1 em A\u00e7\u00e3o &#8211; Lei n\u00ba 12.990\/2014 na UFCAT"},"content":{"rendered":"\n<p class=\"has-medium-font-size\">Em junho de 2024 o <strong>Opar\u00e1 <\/strong>foi convidado a fazer uma reuni\u00e3o com a Secretaria de A\u00e7\u00f5es Afirmativas (SEAF) e integrantes de comiss\u00f5es de concursos e heteroidentifica\u00e7\u00e3o, pr\u00f3-reitoria de gest\u00e3o de pessoas e outros convidados(das) da Universidade Federal de Catal\u00e3o (UFCAT).<\/p>\n\n\n\n<figure class=\"wp-block-image size-full is-resized\"><img fetchpriority=\"high\" decoding=\"async\" width=\"461\" height=\"225\" src=\"https:\/\/observatorioopara.com.br\/wp-content\/uploads\/2025\/01\/image-7.png\" alt=\"\" class=\"wp-image-798\" style=\"width:800px;height:auto\" srcset=\"https:\/\/observatorioopara.com.br\/wp-content\/uploads\/2025\/01\/image-7.png 461w, https:\/\/observatorioopara.com.br\/wp-content\/uploads\/2025\/01\/image-7-300x146.png 300w\" sizes=\"(max-width: 461px) 100vw, 461px\" \/><\/figure>\n\n\n\n<figure class=\"wp-block-image size-full is-resized\"><img decoding=\"async\" width=\"331\" height=\"215\" src=\"https:\/\/observatorioopara.com.br\/wp-content\/uploads\/2025\/01\/image-8.png\" alt=\"\" class=\"wp-image-799\" style=\"width:485px;height:auto\" srcset=\"https:\/\/observatorioopara.com.br\/wp-content\/uploads\/2025\/01\/image-8.png 331w, https:\/\/observatorioopara.com.br\/wp-content\/uploads\/2025\/01\/image-8-300x195.png 300w\" sizes=\"(max-width: 331px) 100vw, 331px\" \/><\/figure>\n\n\n\n<p class=\"has-medium-font-size\">Ap\u00f3s a reuni\u00e3o, a SEAF\/UFCAT redigiu uma minuta de resolu\u00e7\u00e3o para aprimorar a implementa\u00e7\u00e3o da Lei n\u00ba 12.990\/2014 na institui\u00e7\u00e3o. O Opar\u00e1 contribuiu com a revis\u00e3o da da Minuta e seguimos acompanhando a discuss\u00e3o na institui\u00e7\u00e3o.<\/p>\n","protected":false},"excerpt":{"rendered":"<p>Em junho de 2024 o Opar\u00e1 foi convidado a fazer uma reuni\u00e3o com a Secretaria de A\u00e7\u00f5es Afirmativas (SEAF) e integrantes de comiss\u00f5es de concursos e heteroidentifica\u00e7\u00e3o, pr\u00f3-reitoria de gest\u00e3o de pessoas e outros convidados(das) da Universidade Federal de Catal\u00e3o (UFCAT). Ap\u00f3s a reuni\u00e3o, a SEAF\/UFCAT redigiu uma minuta de resolu\u00e7\u00e3o para aprimorar a implementa\u00e7\u00e3o da Lei n\u00ba 12.990\/2014 na institui\u00e7\u00e3o. O Opar\u00e1 contribuiu com a revis\u00e3o da da Minuta e seguimos acompanhando a discuss\u00e3o na institui\u00e7\u00e3o.<\/p>\n","protected":false},"author":1,"featured_media":798,"comment_status":"closed","ping_status":"open","sticky":false,"template":"","format":"standard","meta":{"footnotes":""},"categories":[1],"tags":[],"class_list":["post-796","post","type-post","status-publish","format-standard","has-post-thumbnail","hentry","category-opara_em_acao"],"_links":{"self":[{"href":"https:\/\/observatorioopara.com.br\/index.php?rest_route=\/wp\/v2\/posts\/796","targetHints":{"allow":["GET"]}}],"collection":[{"href":"https:\/\/observatorioopara.com.br\/index.php?rest_route=\/wp\/v2\/posts"}],"about":[{"href":"https:\/\/observatorioopara.com.br\/index.php?rest_route=\/wp\/v2\/types\/post"}],"author":[{"embeddable":true,"href":"https:\/\/observatorioopara.com.br\/index.php?rest_route=\/wp\/v2\/users\/1"}],"replies":[{"embeddable":true,"href":"https:\/\/observatorioopara.com.br\/index.php?rest_route=%2Fwp%2Fv2%2Fcomments&post=796"}],"version-history":[{"count":2,"href":"https:\/\/observatorioopara.com.br\/index.php?rest_route=\/wp\/v2\/posts\/796\/revisions"}],"predecessor-version":[{"id":816,"href":"https:\/\/observatorioopara.com.br\/index.php?rest_route=\/wp\/v2\/posts\/796\/revisions\/816"}],"wp:featuredmedia":[{"embeddable":true,"href":"https:\/\/observatorioopara.com.br\/index.php?rest_route=\/wp\/v2\/media\/798"}],"wp:attachment":[{"href":"https:\/\/observatorioopara.com.br\/index.php?rest_route=%2Fwp%2Fv2%2Fmedia&parent=796"}],"wp:term":[{"taxonomy":"category","embeddable":true,"href":"https:\/\/observatorioopara.com.br\/index.php?rest_route=%2Fwp%2Fv2%2Fcategories&post=796"},{"taxonomy":"post_tag","embeddable":true,"href":"https:\/\/observatorioopara.com.br\/index.php?rest_route=%2Fwp%2Fv2%2Ftags&post=796"}],"curies":[{"name":"wp","href":"https:\/\/api.w.org\/{rel}","templated":true}]}}