{"id":793,"date":"2025-01-30T15:28:49","date_gmt":"2025-01-30T18:28:49","guid":{"rendered":"https:\/\/observatorioopara.com.br\/?p=793"},"modified":"2025-01-30T15:55:46","modified_gmt":"2025-01-30T18:55:46","slug":"opara-em-acao-recuperacao-das-vagas-na-univasf","status":"publish","type":"post","link":"https:\/\/observatorioopara.com.br\/?p=793","title":{"rendered":"Opar\u00e1 em A\u00e7\u00e3o &#8211; Recupera\u00e7\u00e3o das vagas na Univasf"},"content":{"rendered":"\n<p class=\"has-medium-font-size\">O Opar\u00e1 apresentou proposi\u00e7\u00e3o ao Conselho Universit\u00e1rio da Universidade Federal do Vale do S\u00e3o Francisco (Univasf) para a repara\u00e7\u00e3o de todas as vagas reservadas n\u00e3o disponibilizadas conforme a Lei n\u00ba 12.990\/2014. A proposi\u00e7\u00e3o foi aprovada sem nenhum voto contr\u00e1rio na reuni\u00e3o ordin\u00e1ria que aconteceu no dia 28 de junho de 2024 &#8211; Decis\u00e3o 51\/2024<\/p>\n\n\n\n<figure class=\"wp-block-image size-full is-resized\"><img fetchpriority=\"high\" decoding=\"async\" width=\"522\" height=\"303\" src=\"https:\/\/observatorioopara.com.br\/wp-content\/uploads\/2025\/01\/image-5.png\" alt=\"\" class=\"wp-image-794\" style=\"width:800px;height:auto\" srcset=\"https:\/\/observatorioopara.com.br\/wp-content\/uploads\/2025\/01\/image-5.png 522w, https:\/\/observatorioopara.com.br\/wp-content\/uploads\/2025\/01\/image-5-300x174.png 300w\" sizes=\"(max-width: 522px) 100vw, 522px\" \/><\/figure>\n\n\n\n<blockquote class=\"wp-block-quote is-layout-flow wp-block-quote-is-layout-flow\">\n<h1 class=\"wp-block-heading has-text-align-center\"><strong>Assim, colaboramos com o Brasil de fazer um encontro com a verdade!<\/strong><\/h1>\n<\/blockquote>\n\n\n\n<p><\/p>\n","protected":false},"excerpt":{"rendered":"<p>O Opar\u00e1 apresentou proposi\u00e7\u00e3o ao Conselho Universit\u00e1rio da Universidade Federal do Vale do S\u00e3o Francisco (Univasf) para a repara\u00e7\u00e3o de todas as vagas reservadas n\u00e3o disponibilizadas conforme a Lei n\u00ba 12.990\/2014. A proposi\u00e7\u00e3o foi aprovada sem nenhum voto contr\u00e1rio na reuni\u00e3o ordin\u00e1ria que aconteceu no dia 28 de junho de 2024 &#8211; Decis\u00e3o 51\/2024 Assim, colaboramos com o Brasil de fazer um encontro com a verdade!<\/p>\n","protected":false},"author":1,"featured_media":794,"comment_status":"closed","ping_status":"open","sticky":false,"template":"","format":"standard","meta":{"footnotes":""},"categories":[1],"tags":[],"class_list":["post-793","post","type-post","status-publish","format-standard","has-post-thumbnail","hentry","category-opara_em_acao"],"_links":{"self":[{"href":"https:\/\/observatorioopara.com.br\/index.php?rest_route=\/wp\/v2\/posts\/793","targetHints":{"allow":["GET"]}}],"collection":[{"href":"https:\/\/observatorioopara.com.br\/index.php?rest_route=\/wp\/v2\/posts"}],"about":[{"href":"https:\/\/observatorioopara.com.br\/index.php?rest_route=\/wp\/v2\/types\/post"}],"author":[{"embeddable":true,"href":"https:\/\/observatorioopara.com.br\/index.php?rest_route=\/wp\/v2\/users\/1"}],"replies":[{"embeddable":true,"href":"https:\/\/observatorioopara.com.br\/index.php?rest_route=%2Fwp%2Fv2%2Fcomments&post=793"}],"version-history":[{"count":2,"href":"https:\/\/observatorioopara.com.br\/index.php?rest_route=\/wp\/v2\/posts\/793\/revisions"}],"predecessor-version":[{"id":814,"href":"https:\/\/observatorioopara.com.br\/index.php?rest_route=\/wp\/v2\/posts\/793\/revisions\/814"}],"wp:featuredmedia":[{"embeddable":true,"href":"https:\/\/observatorioopara.com.br\/index.php?rest_route=\/wp\/v2\/media\/794"}],"wp:attachment":[{"href":"https:\/\/observatorioopara.com.br\/index.php?rest_route=%2Fwp%2Fv2%2Fmedia&parent=793"}],"wp:term":[{"taxonomy":"category","embeddable":true,"href":"https:\/\/observatorioopara.com.br\/index.php?rest_route=%2Fwp%2Fv2%2Fcategories&post=793"},{"taxonomy":"post_tag","embeddable":true,"href":"https:\/\/observatorioopara.com.br\/index.php?rest_route=%2Fwp%2Fv2%2Ftags&post=793"}],"curies":[{"name":"wp","href":"https:\/\/api.w.org\/{rel}","templated":true}]}}