{"id":789,"date":"2025-01-30T15:25:36","date_gmt":"2025-01-30T18:25:36","guid":{"rendered":"https:\/\/observatorioopara.com.br\/?p=789"},"modified":"2025-01-30T15:55:27","modified_gmt":"2025-01-30T18:55:27","slug":"opara-em-acao-recuperacao-das-vagas-na-ufpel","status":"publish","type":"post","link":"https:\/\/observatorioopara.com.br\/?p=789","title":{"rendered":"Opar\u00e1 em A\u00e7\u00e3o &#8211; Recupera\u00e7\u00e3o das vagas na UFPel"},"content":{"rendered":"\n<p class=\"has-medium-font-size\">Desde o in\u00edcio da luta pela plena efetividade da Lei n.\u00ba 12.990\/2014 na Univasf estava a luta pelo reconhecimento do racismo institucional e pela necessidade de repara\u00e7\u00e3o de cada uma das vagas negadas \u00e0 popula\u00e7\u00e3o negra pela n\u00e3o implementa\u00e7\u00e3o da lei de cotas raciais nos concursos para docente. Essas propostas foram derrotadas no Conselho Superior da universidade.<\/p>\n\n\n\n<div class=\"wp-block-media-text has-media-on-the-right is-stacked-on-mobile is-vertically-aligned-center\"><div class=\"wp-block-media-text__content\">\n<p class=\"has-medium-font-size\">Hoje, nos sentimos orgulhosos de que nossas teses eram verdadeiras e necess\u00e1rias ao Estado Democr\u00e1tico de Direito. O parecer da Advocacia Geral da Uni\u00e3o (AGU) que autoriza a Universidade Federal de Pelotas (UFPel) a reparar cada uma das vagas n\u00e3o preenchidas pela n\u00e3o implementa\u00e7\u00e3o da lei de cotas, cita o relat\u00f3rio do <strong>Opar\u00e1 <\/strong>para justificar a necessidade de repara\u00e7\u00e3o.<\/p>\n<\/div><figure class=\"wp-block-media-text__media\"><a href=\"https:\/\/www.gov.br\/agu\/pt-br\/comunicacao\/noticias\/parecer-da-agu-autoriza-universidade-a-reservar-mais-vagas-para-professores-negros\/parecercotasUFPEL.pdf\"><img fetchpriority=\"high\" decoding=\"async\" width=\"289\" height=\"207\" src=\"https:\/\/observatorioopara.com.br\/wp-content\/uploads\/2025\/01\/image-3.png\" alt=\"\" class=\"wp-image-790 size-full\"\/><\/a><\/figure><\/div>\n\n\n\n<p>Acesse o Parecer na Integra em: <a href=\"https:\/\/www.gov.br\/agu\/pt-br\/comunicacao\/noticias\/parecer-da-agu-autoriza-universidade-a-reservar-mais-vagas-para-professores-negros\/parecercotasUFPEL.pdf\">https:\/\/www.gov.br\/agu\/pt-br\/comunicacao\/noticias\/parecer-da-agu-autoriza-universidade-a-reservar-mais-vagas-para-professores-negros\/parecercotasUFPEL.pdf<\/a><\/p>\n\n\n\n<figure class=\"wp-block-image size-full is-resized\"><img decoding=\"async\" width=\"490\" height=\"58\" src=\"https:\/\/observatorioopara.com.br\/wp-content\/uploads\/2025\/01\/image-4.png\" alt=\"\" class=\"wp-image-791\" style=\"width:800px;height:auto\" srcset=\"https:\/\/observatorioopara.com.br\/wp-content\/uploads\/2025\/01\/image-4.png 490w, https:\/\/observatorioopara.com.br\/wp-content\/uploads\/2025\/01\/image-4-300x36.png 300w\" sizes=\"(max-width: 490px) 100vw, 490px\" \/><\/figure>\n\n\n\n<h1 class=\"wp-block-heading has-text-align-center\"><strong>Assim, colaboramos com o Brasil de fazer um encontro com a verdade!<\/strong><\/h1>\n\n\n\n<p><\/p>\n","protected":false},"excerpt":{"rendered":"<p>Desde o in\u00edcio da luta pela plena efetividade da Lei n.\u00ba 12.990\/2014 na Univasf estava a luta pelo reconhecimento do racismo institucional e pela necessidade de repara\u00e7\u00e3o de cada uma das vagas negadas \u00e0 popula\u00e7\u00e3o negra pela n\u00e3o implementa\u00e7\u00e3o da lei de cotas raciais nos concursos para docente. Essas propostas foram derrotadas no Conselho Superior da universidade. Hoje, nos sentimos orgulhosos de que nossas teses eram verdadeiras e necess\u00e1rias ao Estado Democr\u00e1tico de Direito. O parecer da Advocacia Geral da Uni\u00e3o (AGU) que autoriza a Universidade Federal de Pelotas (UFPel) a reparar cada uma das vagas n\u00e3o preenchidas pela n\u00e3o implementa\u00e7\u00e3o da lei de cotas, cita o relat\u00f3rio do Opar\u00e1 para justificar a necessidade de repara\u00e7\u00e3o. Acesse o Parecer na Integra em: https:\/\/www.gov.br\/agu\/pt-br\/comunicacao\/noticias\/parecer-da-agu-autoriza-universidade-a-reservar-mais-vagas-para-professores-negros\/parecercotasUFPEL.pdf Assim, colaboramos com o Brasil de fazer um encontro com a verdade!<\/p>\n","protected":false},"author":1,"featured_media":790,"comment_status":"closed","ping_status":"open","sticky":false,"template":"","format":"standard","meta":{"footnotes":""},"categories":[1],"tags":[],"class_list":["post-789","post","type-post","status-publish","format-standard","has-post-thumbnail","hentry","category-opara_em_acao"],"_links":{"self":[{"href":"https:\/\/observatorioopara.com.br\/index.php?rest_route=\/wp\/v2\/posts\/789","targetHints":{"allow":["GET"]}}],"collection":[{"href":"https:\/\/observatorioopara.com.br\/index.php?rest_route=\/wp\/v2\/posts"}],"about":[{"href":"https:\/\/observatorioopara.com.br\/index.php?rest_route=\/wp\/v2\/types\/post"}],"author":[{"embeddable":true,"href":"https:\/\/observatorioopara.com.br\/index.php?rest_route=\/wp\/v2\/users\/1"}],"replies":[{"embeddable":true,"href":"https:\/\/observatorioopara.com.br\/index.php?rest_route=%2Fwp%2Fv2%2Fcomments&post=789"}],"version-history":[{"count":2,"href":"https:\/\/observatorioopara.com.br\/index.php?rest_route=\/wp\/v2\/posts\/789\/revisions"}],"predecessor-version":[{"id":813,"href":"https:\/\/observatorioopara.com.br\/index.php?rest_route=\/wp\/v2\/posts\/789\/revisions\/813"}],"wp:featuredmedia":[{"embeddable":true,"href":"https:\/\/observatorioopara.com.br\/index.php?rest_route=\/wp\/v2\/media\/790"}],"wp:attachment":[{"href":"https:\/\/observatorioopara.com.br\/index.php?rest_route=%2Fwp%2Fv2%2Fmedia&parent=789"}],"wp:term":[{"taxonomy":"category","embeddable":true,"href":"https:\/\/observatorioopara.com.br\/index.php?rest_route=%2Fwp%2Fv2%2Fcategories&post=789"},{"taxonomy":"post_tag","embeddable":true,"href":"https:\/\/observatorioopara.com.br\/index.php?rest_route=%2Fwp%2Fv2%2Ftags&post=789"}],"curies":[{"name":"wp","href":"https:\/\/api.w.org\/{rel}","templated":true}]}}