{"id":784,"date":"2025-01-30T15:13:44","date_gmt":"2025-01-30T18:13:44","guid":{"rendered":"https:\/\/observatorioopara.com.br\/?p=784"},"modified":"2025-01-30T16:07:29","modified_gmt":"2025-01-30T19:07:29","slug":"opara-em-acao-semana-de-18-a-21-de-marco-de-2024","status":"publish","type":"post","link":"https:\/\/observatorioopara.com.br\/?p=784","title":{"rendered":"Opar\u00e1 em A\u00e7\u00e3o &#8211; Semana de 18 a 21 de mar\u00e7o de 2024"},"content":{"rendered":"\n<p class=\"has-medium-font-size\">Bras\u00edlia, o centro pol\u00edtico no \u00e2mbito federal, foi o local escolhido pelo <strong>Opar\u00e1 <\/strong>e pelo Movimento Negro Unificado (MNU) para o lan\u00e7amento do relat\u00f3rio \u201cA implementa\u00e7\u00e3o da Lei n\u00ba 12.990\/2014: um cen\u00e1rio devastador de fraudes\u201d.<\/p>\n\n\n\n<div class=\"wp-block-media-text is-stacked-on-mobile\"><figure class=\"wp-block-media-text__media\"><img fetchpriority=\"high\" decoding=\"async\" width=\"353\" height=\"258\" src=\"https:\/\/observatorioopara.com.br\/wp-content\/uploads\/2025\/01\/image.png\" alt=\"\" class=\"wp-image-785 size-full\" srcset=\"https:\/\/observatorioopara.com.br\/wp-content\/uploads\/2025\/01\/image.png 353w, https:\/\/observatorioopara.com.br\/wp-content\/uploads\/2025\/01\/image-300x219.png 300w\" sizes=\"(max-width: 353px) 100vw, 353px\" \/><\/figure><div class=\"wp-block-media-text__content\">\n<p class=\"has-medium-font-size\">Na semana de lan\u00e7amento do relat\u00f3rio, de 18 a 22 de mar\u00e7o de 2024, o <strong>Opar\u00e1 <\/strong>se apresentou \u00e0 comunidade pol\u00edtica e aos \u00f3rg\u00e3os de controle trazendo evid\u00eancias seguras de que a implementa\u00e7\u00e3o da Lei n\u00ba 12.990\/2014 foi freada pelo racismo institucional.<\/p>\n<\/div><\/div>\n\n\n\n<p class=\"has-medium-font-size\">Pautamos e fomos pautados por institui\u00e7\u00f5es e personagens pol\u00edticos\/jur\u00eddicos da Rep\u00fablica. As a\u00e7\u00f5es permitiram inscrever nacionalmente o <strong>Opar\u00e1 <\/strong>como um grupo de pesquisa compromissado com a agenda das a\u00e7\u00f5es afirmativas inicialmente numa caminhada no campo t\u00e9cnico e cient\u00edfico, disseminando conhecimento com base em evid\u00eancias, e que se descobriu como uma institui\u00e7\u00e3o de advocacy.<\/p>\n\n\n\n<div class=\"wp-block-media-text is-stacked-on-mobile\"><figure class=\"wp-block-media-text__media\"><img decoding=\"async\" width=\"406\" height=\"323\" src=\"https:\/\/observatorioopara.com.br\/wp-content\/uploads\/2025\/01\/image-1.png\" alt=\"\" class=\"wp-image-786 size-full\" srcset=\"https:\/\/observatorioopara.com.br\/wp-content\/uploads\/2025\/01\/image-1.png 406w, https:\/\/observatorioopara.com.br\/wp-content\/uploads\/2025\/01\/image-1-300x239.png 300w\" sizes=\"(max-width: 406px) 100vw, 406px\" \/><\/figure><div class=\"wp-block-media-text__content\">\n<p class=\"has-medium-font-size\">Como pode ser observado neste portf\u00f3lio, apesar de ser um grupo de pesquisa jovem, o <strong>Opar\u00e1 <\/strong>se apresenta hoje como uma equipe qualificada na oferta de avalia\u00e7\u00f5es e de proposi\u00e7\u00f5es no campo das pol\u00edticas de a\u00e7\u00f5es afirmativas e na articula\u00e7\u00e3o de atores em torno dessa agenda.<\/p>\n\n\n\n<p class=\"has-medium-font-size\">Uma s\u00e9rie de agendas est\u00e3o sendo desenvolvidas, com a participa\u00e7\u00e3o em diferentes espa\u00e7os de discuss\u00e3o, integrando m\u00faltiplos atores.<\/p>\n<\/div><\/div>\n\n\n\n<p class=\"has-medium-font-size\">Integrantes do <strong>Opar\u00e1 <\/strong>t\u00eam participado de diversas outras agendas de advocacy, promovendo articula\u00e7\u00f5es com parceiros e troca de conhecimento. Entre as reuni\u00f5es citamos como exemplo,<\/p>\n\n\n\n<figure class=\"wp-block-image size-full\"><img decoding=\"async\" width=\"709\" height=\"875\" src=\"https:\/\/observatorioopara.com.br\/wp-content\/uploads\/2025\/01\/image-2.png\" alt=\"\" class=\"wp-image-787\" srcset=\"https:\/\/observatorioopara.com.br\/wp-content\/uploads\/2025\/01\/image-2.png 709w, https:\/\/observatorioopara.com.br\/wp-content\/uploads\/2025\/01\/image-2-243x300.png 243w\" sizes=\"(max-width: 709px) 100vw, 709px\" \/><\/figure>\n\n\n\n<p><\/p>\n","protected":false},"excerpt":{"rendered":"<p>Bras\u00edlia, o centro pol\u00edtico no \u00e2mbito federal, foi o local escolhido pelo Opar\u00e1 e pelo Movimento Negro Unificado (MNU) para o lan\u00e7amento do relat\u00f3rio \u201cA implementa\u00e7\u00e3o da Lei n\u00ba 12.990\/2014: um cen\u00e1rio devastador de fraudes\u201d. Na semana de lan\u00e7amento do relat\u00f3rio, de 18 a 22 de mar\u00e7o de 2024, o Opar\u00e1 se apresentou \u00e0 comunidade pol\u00edtica e aos \u00f3rg\u00e3os de controle trazendo evid\u00eancias seguras de que a implementa\u00e7\u00e3o da Lei n\u00ba 12.990\/2014 foi freada pelo racismo institucional. Pautamos e fomos pautados por institui\u00e7\u00f5es e personagens pol\u00edticos\/jur\u00eddicos da Rep\u00fablica. As a\u00e7\u00f5es permitiram inscrever nacionalmente o Opar\u00e1 como um grupo de pesquisa compromissado com a agenda das a\u00e7\u00f5es afirmativas inicialmente numa caminhada no campo t\u00e9cnico e cient\u00edfico, disseminando conhecimento com base em evid\u00eancias, e que se descobriu como uma institui\u00e7\u00e3o de advocacy. Como pode ser observado neste portf\u00f3lio, apesar de ser um grupo de pesquisa jovem, o Opar\u00e1 se apresenta hoje como uma equipe qualificada na oferta de avalia\u00e7\u00f5es e de proposi\u00e7\u00f5es no campo das pol\u00edticas de a\u00e7\u00f5es afirmativas e na articula\u00e7\u00e3o de atores em torno dessa agenda. Uma s\u00e9rie de agendas est\u00e3o sendo desenvolvidas, com a participa\u00e7\u00e3o em diferentes espa\u00e7os de discuss\u00e3o, integrando m\u00faltiplos atores. Integrantes do Opar\u00e1 t\u00eam participado de diversas outras agendas de advocacy, promovendo articula\u00e7\u00f5es com parceiros e troca de conhecimento. Entre as reuni\u00f5es citamos como exemplo,<\/p>\n","protected":false},"author":1,"featured_media":786,"comment_status":"closed","ping_status":"open","sticky":false,"template":"","format":"standard","meta":{"footnotes":""},"categories":[1],"tags":[],"class_list":["post-784","post","type-post","status-publish","format-standard","has-post-thumbnail","hentry","category-opara_em_acao"],"_links":{"self":[{"href":"https:\/\/observatorioopara.com.br\/index.php?rest_route=\/wp\/v2\/posts\/784","targetHints":{"allow":["GET"]}}],"collection":[{"href":"https:\/\/observatorioopara.com.br\/index.php?rest_route=\/wp\/v2\/posts"}],"about":[{"href":"https:\/\/observatorioopara.com.br\/index.php?rest_route=\/wp\/v2\/types\/post"}],"author":[{"embeddable":true,"href":"https:\/\/observatorioopara.com.br\/index.php?rest_route=\/wp\/v2\/users\/1"}],"replies":[{"embeddable":true,"href":"https:\/\/observatorioopara.com.br\/index.php?rest_route=%2Fwp%2Fv2%2Fcomments&post=784"}],"version-history":[{"count":2,"href":"https:\/\/observatorioopara.com.br\/index.php?rest_route=\/wp\/v2\/posts\/784\/revisions"}],"predecessor-version":[{"id":815,"href":"https:\/\/observatorioopara.com.br\/index.php?rest_route=\/wp\/v2\/posts\/784\/revisions\/815"}],"wp:featuredmedia":[{"embeddable":true,"href":"https:\/\/observatorioopara.com.br\/index.php?rest_route=\/wp\/v2\/media\/786"}],"wp:attachment":[{"href":"https:\/\/observatorioopara.com.br\/index.php?rest_route=%2Fwp%2Fv2%2Fmedia&parent=784"}],"wp:term":[{"taxonomy":"category","embeddable":true,"href":"https:\/\/observatorioopara.com.br\/index.php?rest_route=%2Fwp%2Fv2%2Fcategories&post=784"},{"taxonomy":"post_tag","embeddable":true,"href":"https:\/\/observatorioopara.com.br\/index.php?rest_route=%2Fwp%2Fv2%2Ftags&post=784"}],"curies":[{"name":"wp","href":"https:\/\/api.w.org\/{rel}","templated":true}]}}