{"id":564,"date":"2025-01-27T19:33:18","date_gmt":"2025-01-27T19:33:18","guid":{"rendered":"https:\/\/observatorioopara.com.br\/?p=564"},"modified":"2026-01-14T13:44:50","modified_gmt":"2026-01-14T16:44:50","slug":"quando-o-racismo-institucional-mostra-seus-tentaculos-por-ana-luisa-araujo-de-oliveira-edmilson-santos-dos-santos-e-alisson-gomes-dos-santos","status":"publish","type":"post","link":"https:\/\/observatorioopara.com.br\/?p=564","title":{"rendered":"\u201cQuando o racismo institucional mostra seus tent\u00e1culos\u201d, por Ana Luisa Araujo de Oliveira, Edmilson Santos dos Santos e Alisson Gomes dos Santos"},"content":{"rendered":"\t\t<div data-elementor-type=\"wp-post\" data-elementor-id=\"564\" class=\"elementor elementor-564\">\n\t\t\t\t<div class=\"elementor-element elementor-element-1daa8db4 e-flex e-con-boxed wpr-particle-no wpr-jarallax-no wpr-parallax-no wpr-sticky-section-no e-con e-parent\" data-id=\"1daa8db4\" data-element_type=\"container\">\n\t\t\t\t\t<div class=\"e-con-inner\">\n\t\t<div class=\"elementor-element elementor-element-3fae8ea e-con-full e-flex wpr-particle-no wpr-jarallax-no wpr-parallax-no wpr-sticky-section-no e-con e-child\" data-id=\"3fae8ea\" data-element_type=\"container\">\n\t\t\t\t<div class=\"elementor-element elementor-element-129702e elementor-widget elementor-widget-heading\" data-id=\"129702e\" data-element_type=\"widget\" data-widget_type=\"heading.default\">\n\t\t\t\t<div class=\"elementor-widget-container\">\n\t\t\t\t\t<h2 class=\"elementor-heading-title elementor-size-default\">\u201cQuando o racismo institucional mostra seus tent\u00e1culos\u201d<\/h2>\t\t\t\t<\/div>\n\t\t\t\t<\/div>\n\t\t\t\t<div class=\"elementor-element elementor-element-78004ca elementor-widget elementor-widget-heading\" data-id=\"78004ca\" data-element_type=\"widget\" data-widget_type=\"heading.default\">\n\t\t\t\t<div class=\"elementor-widget-container\">\n\t\t\t\t\t<h2 class=\"elementor-heading-title elementor-size-default\">Ana Luisa Araujo de Oliveira, Edmilson Santos dos Santos e Alisson Gomes dos Santos\n<\/h2>\t\t\t\t<\/div>\n\t\t\t\t<\/div>\n\t\t\t\t<\/div>\n\t\t\t\t<div class=\"elementor-element elementor-element-1cbb2f92 elementor-widget elementor-widget-text-editor\" data-id=\"1cbb2f92\" data-element_type=\"widget\" data-widget_type=\"text-editor.default\">\n\t\t\t\t<div class=\"elementor-widget-container\">\n\t\t\t\t\t\t\t\t\t\n<p class=\"has-medium-font-size\"><strong>Publicado em Brasil de Fato<\/strong><\/p>\n\n\n\n<p class=\"has-medium-font-size\">\u201cQual \u00e9 a efic\u00e1cia da Lei de Cotas Raciais quando se trata da contrata\u00e7\u00e3o de docentes negros e negras na UnB?<\/p>\n\n\n\n<p class=\"has-medium-font-size\">[&#8230;]<\/p>\n\n\n\n<p class=\"has-medium-font-size\">Os resultados da an\u00e1lise de editais da UnB evidenciam que a lei atravessou os 10 anos de sua vig\u00eancia sem que a institui\u00e7\u00e3o esbo\u00e7asse qualquer rea\u00e7\u00e3o \u00e0 efetiva integra\u00e7\u00e3o dos talentos negros e negras ao seu quadro de docente. Na implementa\u00e7\u00e3o da Lei n\u00ba 12.990\/2014, a UnB coloca na lata do lixo sua hist\u00f3ria virtuosa de constru\u00e7\u00e3o de uma sociedade verdadeiramente democr\u00e1tica por meio do saber.\u201d<\/p>\n\n\n\n<p class=\"has-medium-font-size\">Acesso em: <a href=\"https:\/\/www.brasildefato.com.br\/2024\/07\/15\/quando-o-racismo-institucional-mostra-seus-tentaculos\">https:\/\/www.brasildefato.com.br\/2024\/07\/15\/quando-o-racismo-institucional-mostra-seus-tentaculos<\/a><\/p>\n\n\n\n<p><\/p>\n\t\t\t\t\t\t\t\t<\/div>\n\t\t\t\t<\/div>\n\t\t\t\t\t<\/div>\n\t\t\t\t<\/div>\n\t\t\t\t<\/div>\n\t\t","protected":false},"excerpt":{"rendered":"<p>\u201cQuando o racismo institucional mostra seus tent\u00e1culos\u201d Ana Luisa Araujo de Oliveira, Edmilson Santos dos Santos e Alisson Gomes dos Santos Publicado em Brasil de Fato \u201cQual \u00e9 a efic\u00e1cia da Lei de Cotas Raciais quando se trata da contrata\u00e7\u00e3o de docentes negros e negras na UnB? [&#8230;] Os resultados da an\u00e1lise de editais da UnB evidenciam que a lei atravessou os 10 anos de sua vig\u00eancia sem que a institui\u00e7\u00e3o esbo\u00e7asse qualquer rea\u00e7\u00e3o \u00e0 efetiva integra\u00e7\u00e3o dos talentos negros e negras ao seu quadro de docente. Na implementa\u00e7\u00e3o da Lei n\u00ba 12.990\/2014, a UnB coloca na lata do lixo sua hist\u00f3ria virtuosa de constru\u00e7\u00e3o de uma sociedade verdadeiramente democr\u00e1tica por meio do saber.\u201d Acesso em: https:\/\/www.brasildefato.com.br\/2024\/07\/15\/quando-o-racismo-institucional-mostra-seus-tentaculos<\/p>\n","protected":false},"author":1,"featured_media":0,"comment_status":"closed","ping_status":"open","sticky":false,"template":"","format":"standard","meta":{"footnotes":""},"categories":[14,8],"tags":[],"class_list":["post-564","post","type-post","status-publish","format-standard","hentry","category-artigos-de-opiniao","category-noticias"],"_links":{"self":[{"href":"https:\/\/observatorioopara.com.br\/index.php?rest_route=\/wp\/v2\/posts\/564","targetHints":{"allow":["GET"]}}],"collection":[{"href":"https:\/\/observatorioopara.com.br\/index.php?rest_route=\/wp\/v2\/posts"}],"about":[{"href":"https:\/\/observatorioopara.com.br\/index.php?rest_route=\/wp\/v2\/types\/post"}],"author":[{"embeddable":true,"href":"https:\/\/observatorioopara.com.br\/index.php?rest_route=\/wp\/v2\/users\/1"}],"replies":[{"embeddable":true,"href":"https:\/\/observatorioopara.com.br\/index.php?rest_route=%2Fwp%2Fv2%2Fcomments&post=564"}],"version-history":[{"count":14,"href":"https:\/\/observatorioopara.com.br\/index.php?rest_route=\/wp\/v2\/posts\/564\/revisions"}],"predecessor-version":[{"id":2916,"href":"https:\/\/observatorioopara.com.br\/index.php?rest_route=\/wp\/v2\/posts\/564\/revisions\/2916"}],"wp:attachment":[{"href":"https:\/\/observatorioopara.com.br\/index.php?rest_route=%2Fwp%2Fv2%2Fmedia&parent=564"}],"wp:term":[{"taxonomy":"category","embeddable":true,"href":"https:\/\/observatorioopara.com.br\/index.php?rest_route=%2Fwp%2Fv2%2Fcategories&post=564"},{"taxonomy":"post_tag","embeddable":true,"href":"https:\/\/observatorioopara.com.br\/index.php?rest_route=%2Fwp%2Fv2%2Ftags&post=564"}],"curies":[{"name":"wp","href":"https:\/\/api.w.org\/{rel}","templated":true}]}}