{"id":562,"date":"2025-01-27T19:31:41","date_gmt":"2025-01-27T19:31:41","guid":{"rendered":"https:\/\/observatorioopara.com.br\/?p=562"},"modified":"2026-01-14T13:48:38","modified_gmt":"2026-01-14T16:48:38","slug":"lei-12-990-2014-quando-a-sorte-e-para-a-branquitude-por-edmilson-santos-dos-santos-ana-luisa-araujo-de-oliveira-e-alisson-gomes-dos-santos","status":"publish","type":"post","link":"https:\/\/observatorioopara.com.br\/?p=562","title":{"rendered":"\u201cLei 12.990\/2014: quando a sorte \u00e9 para a branquitude\u201d, por Edmilson Santos dos Santos, Ana Luisa Araujo de Oliveira e Alisson Gomes dos Santos"},"content":{"rendered":"\t\t<div data-elementor-type=\"wp-post\" data-elementor-id=\"562\" class=\"elementor elementor-562\">\n\t\t\t\t<div class=\"elementor-element elementor-element-1be94fa e-flex e-con-boxed wpr-particle-no wpr-jarallax-no wpr-parallax-no wpr-sticky-section-no e-con e-parent\" data-id=\"1be94fa\" data-element_type=\"container\">\n\t\t\t\t\t<div class=\"e-con-inner\">\n\t\t<div class=\"elementor-element elementor-element-0ce22a6 e-con-full e-flex wpr-particle-no wpr-jarallax-no wpr-parallax-no wpr-sticky-section-no e-con e-child\" data-id=\"0ce22a6\" data-element_type=\"container\">\n\t\t\t\t<div class=\"elementor-element elementor-element-ac21178 elementor-widget elementor-widget-heading\" data-id=\"ac21178\" data-element_type=\"widget\" data-widget_type=\"heading.default\">\n\t\t\t\t<div class=\"elementor-widget-container\">\n\t\t\t\t\t<h2 class=\"elementor-heading-title elementor-size-default\">\u201cLei 12.990\/2014: quando a sorte \u00e9 para a branquitude\u201d<\/h2>\t\t\t\t<\/div>\n\t\t\t\t<\/div>\n\t\t\t\t<div class=\"elementor-element elementor-element-57ac65e elementor-widget elementor-widget-heading\" data-id=\"57ac65e\" data-element_type=\"widget\" data-widget_type=\"heading.default\">\n\t\t\t\t<div class=\"elementor-widget-container\">\n\t\t\t\t\t<h2 class=\"elementor-heading-title elementor-size-default\">Edmilson Santos dos Santos, Ana Luisa Araujo de Oliveira e Alisson Gomes dos Santos\n<\/h2>\t\t\t\t<\/div>\n\t\t\t\t<\/div>\n\t\t\t\t<\/div>\n\t\t\t\t<div class=\"elementor-element elementor-element-37c2ef13 elementor-widget elementor-widget-text-editor\" data-id=\"37c2ef13\" data-element_type=\"widget\" data-widget_type=\"text-editor.default\">\n\t\t\t\t<div class=\"elementor-widget-container\">\n\t\t\t\t\t\t\t\t\t\n<p class=\"has-medium-font-size\"><strong>Publicado em Nexo Pol\u00edticas P\u00fablicas<\/strong><\/p>\n\n\n\n<p class=\"has-medium-font-size\">\u201cAo que parece, o descaso para com a popula\u00e7\u00e3o negra percebido nos dois par\u00e1grafos da Lei \u00c1urea, que entregou a popula\u00e7\u00e3o negra \u00e0 pr\u00f3pria sorte (ou de falta dela) face ao descaso com o p\u00f3s-aboli\u00e7\u00e3o, \u00e9 bastante elucidativa para explicar os \u201cinstrumentos\u201d de negativa de direitos \u00e0 comunidade negra, mobilizados em pleno s\u00e9culo 21: a sorte!\u201d<\/p>\n\n\n\n<p class=\"has-medium-font-size\">Acesso em: <a href=\"https:\/\/pp.nexojornal.com.br\/ponto-de-vista\/2024\/07\/26\/lei-12-990-2014-quando-a-sorte-e-para-a-branquitude\">https:\/\/pp.nexojornal.com.br\/ponto-de-vista\/2024\/07\/26\/lei-12-990-2014-quando-a-sorte-e-para-a-branquitude<\/a>&nbsp;<\/p>\n\n\n\n<p><\/p>\n\t\t\t\t\t\t\t\t<\/div>\n\t\t\t\t<\/div>\n\t\t\t\t\t<\/div>\n\t\t\t\t<\/div>\n\t\t\t\t<\/div>\n\t\t","protected":false},"excerpt":{"rendered":"<p>\u201cLei 12.990\/2014: quando a sorte \u00e9 para a branquitude\u201d Edmilson Santos dos Santos, Ana Luisa Araujo de Oliveira e Alisson Gomes dos Santos Publicado em Nexo Pol\u00edticas P\u00fablicas \u201cAo que parece, o descaso para com a popula\u00e7\u00e3o negra percebido nos dois par\u00e1grafos da Lei \u00c1urea, que entregou a popula\u00e7\u00e3o negra \u00e0 pr\u00f3pria sorte (ou de falta dela) face ao descaso com o p\u00f3s-aboli\u00e7\u00e3o, \u00e9 bastante elucidativa para explicar os \u201cinstrumentos\u201d de negativa de direitos \u00e0 comunidade negra, mobilizados em pleno s\u00e9culo 21: a sorte!\u201d Acesso em: https:\/\/pp.nexojornal.com.br\/ponto-de-vista\/2024\/07\/26\/lei-12-990-2014-quando-a-sorte-e-para-a-branquitude&nbsp;<\/p>\n","protected":false},"author":1,"featured_media":0,"comment_status":"closed","ping_status":"open","sticky":false,"template":"","format":"standard","meta":{"footnotes":""},"categories":[14,8],"tags":[],"class_list":["post-562","post","type-post","status-publish","format-standard","hentry","category-artigos-de-opiniao","category-noticias"],"_links":{"self":[{"href":"https:\/\/observatorioopara.com.br\/index.php?rest_route=\/wp\/v2\/posts\/562","targetHints":{"allow":["GET"]}}],"collection":[{"href":"https:\/\/observatorioopara.com.br\/index.php?rest_route=\/wp\/v2\/posts"}],"about":[{"href":"https:\/\/observatorioopara.com.br\/index.php?rest_route=\/wp\/v2\/types\/post"}],"author":[{"embeddable":true,"href":"https:\/\/observatorioopara.com.br\/index.php?rest_route=\/wp\/v2\/users\/1"}],"replies":[{"embeddable":true,"href":"https:\/\/observatorioopara.com.br\/index.php?rest_route=%2Fwp%2Fv2%2Fcomments&post=562"}],"version-history":[{"count":8,"href":"https:\/\/observatorioopara.com.br\/index.php?rest_route=\/wp\/v2\/posts\/562\/revisions"}],"predecessor-version":[{"id":2931,"href":"https:\/\/observatorioopara.com.br\/index.php?rest_route=\/wp\/v2\/posts\/562\/revisions\/2931"}],"wp:attachment":[{"href":"https:\/\/observatorioopara.com.br\/index.php?rest_route=%2Fwp%2Fv2%2Fmedia&parent=562"}],"wp:term":[{"taxonomy":"category","embeddable":true,"href":"https:\/\/observatorioopara.com.br\/index.php?rest_route=%2Fwp%2Fv2%2Fcategories&post=562"},{"taxonomy":"post_tag","embeddable":true,"href":"https:\/\/observatorioopara.com.br\/index.php?rest_route=%2Fwp%2Fv2%2Ftags&post=562"}],"curies":[{"name":"wp","href":"https:\/\/api.w.org\/{rel}","templated":true}]}}