{"id":2801,"date":"2026-01-14T01:17:11","date_gmt":"2026-01-14T04:17:11","guid":{"rendered":"https:\/\/observatorioopara.com.br\/?p=2801"},"modified":"2026-01-14T12:57:32","modified_gmt":"2026-01-14T15:57:32","slug":"o-sorteio-e-o-desmonte-silencioso-das-acoes-afirmativas-por-ana-luisa-araujo-de-oliveira-e-roberto-silva-dos-santos","status":"publish","type":"post","link":"https:\/\/observatorioopara.com.br\/?p=2801","title":{"rendered":"O sorteio e o desmonte silencioso das a\u00e7\u00f5es afirmativas, por  Ana Luisa Araujo de Oliveira e Roberto Silva dos Santos"},"content":{"rendered":"\t\t<div data-elementor-type=\"wp-post\" data-elementor-id=\"2801\" class=\"elementor elementor-2801\">\n\t\t\t\t<div class=\"elementor-element elementor-element-85b87e6 e-flex e-con-boxed wpr-particle-no wpr-jarallax-no wpr-parallax-no wpr-sticky-section-no e-con e-parent\" data-id=\"85b87e6\" data-element_type=\"container\">\n\t\t\t\t\t<div class=\"e-con-inner\">\n\t\t\t\t<div class=\"elementor-element elementor-element-5ae0792 elementor-widget elementor-widget-heading\" data-id=\"5ae0792\" data-element_type=\"widget\" data-widget_type=\"heading.default\">\n\t\t\t\t<div class=\"elementor-widget-container\">\n\t\t\t\t\t<h2 class=\"elementor-heading-title elementor-size-default\">O sorteio e o desmonte silencioso das a\u00e7\u00f5es afirmativas<\/h2>\t\t\t\t<\/div>\n\t\t\t\t<\/div>\n\t\t\t\t<div class=\"elementor-element elementor-element-1148859 elementor-widget elementor-widget-heading\" data-id=\"1148859\" data-element_type=\"widget\" data-widget_type=\"heading.default\">\n\t\t\t\t<div class=\"elementor-widget-container\">\n\t\t\t\t\t<h2 class=\"elementor-heading-title elementor-size-default\">Ana Luisa Araujo de Oliveira e Roberto Silva dos Santos\n<\/h2>\t\t\t\t<\/div>\n\t\t\t\t<\/div>\n\t\t\t\t<div class=\"elementor-element elementor-element-a543fdd elementor-widget elementor-widget-text-editor\" data-id=\"a543fdd\" data-element_type=\"widget\" data-widget_type=\"text-editor.default\">\n\t\t\t\t<div class=\"elementor-widget-container\">\n\t\t\t\t\t\t\t\t\t<p><span style=\"font-weight: 400;\">O artigo \u201cO sorteio e o desmonte silencioso das a\u00e7\u00f5es afirmativas\u201d, publicado no Le Monde Diplomatique Brasil, analisa criticamente a Instru\u00e7\u00e3o Normativa Conjunta n\u00ba 261\/2025 do Minist\u00e9rio da Gest\u00e3o e da Inova\u00e7\u00e3o em Servi\u00e7os P\u00fablicos. O texto sustenta que a norma institucionaliza um processo de esvaziamento das a\u00e7\u00f5es afirmativas raciais no servi\u00e7o p\u00fablico federal, ao introduzir o sorteio de \u00e1reas para aplica\u00e7\u00e3o das cotas.<\/span><\/p><p><span style=\"font-weight: 400;\">Dispon\u00edvel em: <\/span><a href=\"https:\/\/diplomatique.org.br\/o-sorteio-e-o-desmonte-silencioso-das-acoes-afirmativas\/\"><span style=\"font-weight: 400;\">https:\/\/diplomatique.org.br\/o-sorteio-e-o-desmonte-silencioso-das-acoes-afirmativas\/<\/span><\/a><\/p>\t\t\t\t\t\t\t\t<\/div>\n\t\t\t\t<\/div>\n\t\t\t\t\t<\/div>\n\t\t\t\t<\/div>\n\t\t\t\t<\/div>\n\t\t","protected":false},"excerpt":{"rendered":"<p>O sorteio e o desmonte silencioso das a\u00e7\u00f5es afirmativas Ana Luisa Araujo de Oliveira e Roberto Silva dos Santos O artigo \u201cO sorteio e o desmonte silencioso das a\u00e7\u00f5es afirmativas\u201d, publicado no Le Monde Diplomatique Brasil, analisa criticamente a Instru\u00e7\u00e3o Normativa Conjunta n\u00ba 261\/2025 do Minist\u00e9rio da Gest\u00e3o e da Inova\u00e7\u00e3o em Servi\u00e7os P\u00fablicos. O texto sustenta que a norma institucionaliza um processo de esvaziamento das a\u00e7\u00f5es afirmativas raciais no servi\u00e7o p\u00fablico federal, ao introduzir o sorteio de \u00e1reas para aplica\u00e7\u00e3o das cotas. Dispon\u00edvel em: https:\/\/diplomatique.org.br\/o-sorteio-e-o-desmonte-silencioso-das-acoes-afirmativas\/<\/p>\n","protected":false},"author":1,"featured_media":0,"comment_status":"open","ping_status":"open","sticky":false,"template":"","format":"standard","meta":{"footnotes":""},"categories":[14],"tags":[],"class_list":["post-2801","post","type-post","status-publish","format-standard","hentry","category-artigos-de-opiniao"],"_links":{"self":[{"href":"https:\/\/observatorioopara.com.br\/index.php?rest_route=\/wp\/v2\/posts\/2801","targetHints":{"allow":["GET"]}}],"collection":[{"href":"https:\/\/observatorioopara.com.br\/index.php?rest_route=\/wp\/v2\/posts"}],"about":[{"href":"https:\/\/observatorioopara.com.br\/index.php?rest_route=\/wp\/v2\/types\/post"}],"author":[{"embeddable":true,"href":"https:\/\/observatorioopara.com.br\/index.php?rest_route=\/wp\/v2\/users\/1"}],"replies":[{"embeddable":true,"href":"https:\/\/observatorioopara.com.br\/index.php?rest_route=%2Fwp%2Fv2%2Fcomments&post=2801"}],"version-history":[{"count":10,"href":"https:\/\/observatorioopara.com.br\/index.php?rest_route=\/wp\/v2\/posts\/2801\/revisions"}],"predecessor-version":[{"id":2830,"href":"https:\/\/observatorioopara.com.br\/index.php?rest_route=\/wp\/v2\/posts\/2801\/revisions\/2830"}],"wp:attachment":[{"href":"https:\/\/observatorioopara.com.br\/index.php?rest_route=%2Fwp%2Fv2%2Fmedia&parent=2801"}],"wp:term":[{"taxonomy":"category","embeddable":true,"href":"https:\/\/observatorioopara.com.br\/index.php?rest_route=%2Fwp%2Fv2%2Fcategories&post=2801"},{"taxonomy":"post_tag","embeddable":true,"href":"https:\/\/observatorioopara.com.br\/index.php?rest_route=%2Fwp%2Fv2%2Ftags&post=2801"}],"curies":[{"name":"wp","href":"https:\/\/api.w.org\/{rel}","templated":true}]}}